{"id":36948,"date":"2025-05-28T10:34:20","date_gmt":"2025-05-28T07:34:20","guid":{"rendered":"https:\/\/thecloudkeys.com\/?p=36948"},"modified":"2026-01-12T13:46:47","modified_gmt":"2026-01-12T11:46:47","slug":"tip-of-the-day-european-museum-of-the-year-awards-2025-maria-callas-museum-in-athens","status":"publish","type":"post","link":"https:\/\/staging.thecloudkeys.com\/en\/tip-of-the-day-european-museum-of-the-year-awards-2025-maria-callas-museum-in-athens\/","title":{"rendered":"Tip of the day &#8211; European Museum of the Year Awards 2025 &#038; Maria Callas  Museum in Athens"},"content":{"rendered":"<div class=\"wpb-content-wrapper\"><p>The<strong> European Museum Forum<\/strong> is happy to announce the winners of the <strong><a href=\"https:\/\/europeanforum.museum\/news\/the-winners-of-emya2025-are-announced\" target=\"_blank\" rel=\"noopener\">European Museum of the Year Awards for 2025<\/a><\/strong>. The winners in different categories under the EMYA scheme were presented on the last day of the EMYA2025 Annual Conference and Awards Ceremony that was held on 21-25 May 2025 in Bia\u0142ystok.<\/p>\n<p>Organised by the European Museum Forum and hosted by the Sybir Memorial Museum, the winner of the Council of Europe Museum Prize 2025, the event took place in a traditional EMYA format with a physical, rich and intense annual conference and award ceremony and brought together members of the EMYA community including this year\u2019s nominees, former winners, partners and friends.<\/p>\n<p>This year, the main theme of the conference was defined as <strong>\u201cRemembrance and Solidarity for Collective Action\u201d.<\/strong><\/p>\n<blockquote><p>We warmly congratulate the winners in each category and express our deep gratitude to all 42 nominated museums for placing their trust in EMYA\u2014both through their applications and by generously welcoming the judges during their visits. Special thanks go to the Sybir Memorial Museum, our host this year, to our partners for their continued support of EMF, and to all the participants who joined us in Poland and helped bring the event to life.<\/p>\n<p>See you in Bilbao next year for EMYA2026, which will be hosted by Euskararen Etxea (The House of the Basque Language), winner of the Council of Europe Museum Prize 2025, in cooperation with the Provincial Council of Bizkaia.<\/p><\/blockquote>\n<p>The EMYA \u2013 <strong>European Museum of the Year Award<\/strong>:<br \/>\nManchester Museum, Manchester, UK<\/p>\n<p>The <strong>Winner of the Council of Europe Museum Prize 2025<\/strong>:<br \/>\nEuskararen Etxea, the House of the Basque Language, Bilbao, SPAIN<\/p>\n<p>The <strong>Winner of the Kenneth Hudson Award for Institutional Courage and Professional Integrity 2025:<br \/>\n<\/strong>Nini Sanadiradze, former General Director of The Union of Tbilisi Museums, Tbilisi, GEORGIA<\/p>\n<p>The <strong>Winner of the Meyvaert Museum Prize for Environmental Sustainability 2025<\/strong>:<br \/>\nMUZOO, La Chaux-de-Fonds, SWITZERLAND<\/p>\n<p>The <strong>Winner of the Portim\u00e3o Museum Prize for Welcoming, Inclusion and Belonging 2025<\/strong>:<br \/>\nIstanbul Museum of Modern Art; Istanbul, T\u00dcRK\u0130YE<\/p>\n<p>The <strong>Winner of the Silletto Prize for Community Participation and Engagement 2025<\/strong>:<br \/>\nThe Alvor Lifeguard Interpretative Centre (CISA), Portim\u00e3o, PORTUGAL<\/p>\n<p><strong>The Special Commendations:\u00a0<\/strong><\/p>\n<p>Special Commendations are given to museums that have developed a new and innovative approach in specific aspects of their public service and from which other European museums can learn. Seven special commendations were given by the Jury in 2025.<\/p>\n<ul>\n<li>Foundation Museum Ovartaci, Aarhus, DENMARK<\/li>\n<li>The Korsak\u2019s Museum of Ukrainian Modern Art, Lutsk, UKRAINE<\/li>\n<li>\u0130\u015fbank Museum of Painting and Sculpture, Istanbul, T\u00dcRKIYE<\/li>\n<li>The House of Music Hungary (HoM), Budapest, HUNGARY<\/li>\n<li>Wien Museum, Vienna, AUSTRIA<\/li>\n<li><strong>Maria Callas Museum, Athens, GREECE<\/strong><br \/>\n<em>The sixth commendation goes to a museum whose innovative scenography powerfully and skillfully captures the theatricality and performance that defined a world-renowned singer&#8217;s career and primary artistic expression. Visitors are immersed in the world of the opera singer through texts, objects, videos, and rare sound clips, as the life and career of Maria Callas unfold.<\/em><\/li>\n<li>Arnhem Museum, THE NETHERLANDS<\/li>\n<\/ul>\n<p><strong>Congratultions to <a href=\"https:\/\/mariacallasmuseum.gr\/\" target=\"_blank\" rel=\"noopener\">Maria Callas Museum<\/a>!\u00a0<\/strong><\/p>\n<hr \/>\n<div class=\"flex flex-col text-sm pb-25\">\n<article class=\"text-token-text-primary w-full focus:outline-none [--shadow-height:45px] has-data-writing-block:pointer-events-none has-data-writing-block:-mt-(--shadow-height) has-data-writing-block:pt-(--shadow-height) [&amp;:has([data-writing-block])&gt;*]:pointer-events-auto scroll-mt-[calc(var(--header-height)+min(200px,max(70px,20svh)))]\" dir=\"auto\" tabindex=\"-1\" data-turn-id=\"request-69493c5d-9a58-832b-ac57-fe451a7b6142-0\" data-testid=\"conversation-turn-16\" data-scroll-anchor=\"true\" data-turn=\"assistant\">\n<div class=\"text-base my-auto mx-auto pb-10 [--thread-content-margin:--spacing(4)] @w-sm\/main:[--thread-content-margin:--spacing(6)] @w-lg\/main:[--thread-content-margin:--spacing(16)] px-(--thread-content-margin)\">\n<div class=\"[--thread-content-max-width:40rem] @w-lg\/main:[--thread-content-max-width:48rem] mx-auto max-w-(--thread-content-max-width) flex-1 group\/turn-messages focus-visible:outline-hidden relative flex w-full min-w-0 flex-col agent-turn\" tabindex=\"-1\">\n<div class=\"flex max-w-full flex-col grow\">\n<div class=\"min-h-8 text-message relative flex w-full flex-col items-end gap-2 text-start break-words whitespace-normal [.text-message+&amp;]:mt-1\" dir=\"auto\" data-message-author-role=\"assistant\" data-message-id=\"671579f1-a575-4ddb-adc3-bd5cc10b5913\" data-message-model-slug=\"gpt-5-2\">\n<div class=\"flex w-full flex-col gap-1 empty:hidden first:pt-[1px]\">\n<div class=\"markdown prose dark:prose-invert w-full break-words dark markdown-new-styling\">\n<p data-start=\"0\" data-end=\"298\" data-is-last-node=\"\" data-is-only-node=\"\">So, what makes the Maria Callas Museum so interesting\u2014and is it a must-see when visiting Athens? Below are some of the current activities taking place. If the dates match your stay and you\u2019re in the city, don\u2019t miss the chance to step into the world of the legendary soprano at her Athenian museum.<\/p>\n<div class=\"vc_row wpb_row vc_row-fluid\">\n<div class=\"wpb_column vc_column_container vc_col-sm-12\">\n<div class=\"vc_column-inner\">\n<div class=\"wpb_wrapper\">\n<div class=\"wpb_text_column wpb_content_element \">\n<div class=\"wpb_wrapper\">\n<h3 style=\"text-align: left;\" align=\"center\"><strong>Guided Tours \u2013 January 2026\u00a0<\/strong><\/h3>\n<\/div>\n<\/div>\n<\/div>\n<\/div>\n<\/div>\n<\/div>\n<div class=\"vc_row wpb_row vc_row-fluid\">\n<div class=\"wpb_column vc_column_container vc_col-sm-12\">\n<div class=\"vc_column-inner\">\n<div class=\"wpb_wrapper\">\n<div class=\"wpb_text_column wpb_content_element \">\n<div class=\"wpb_wrapper\">\n<p>The Maria Callas Museum designs and offers a series of <a href=\"https:\/\/mariacallasmuseum.gr\/en\/guided-tours-january-2026\/\" target=\"_blank\" rel=\"noopener\">interactive and experiential guided tours<\/a>, inviting visitors to immerse themselves in the museum experience and discover not only the great soprano but also the art of opera itself. A visit to the museum awakens all the senses, combining sound and historical evidence with new technologies and multimedia.<\/p>\n<p>The tours are carefully tailored to meet the needs of every visitor, in line with contemporary museology: for adults, families, thematic tours by the museum\u2019s specialists, visitors over 65, and other groups.<\/p>\n<p><strong><u>Program \u2013 January 2026:<\/u><\/strong><\/p>\n<p>Thursday, 15 January 2026, 12:00 | Guided tour for visitors for over 65 years old (in Greek)<\/p>\n<p>Friday, 16 January 2026, 18:00 | Thematic Tour \u201cIcon and Myth\u201d (in Greek)<\/p>\n<p>Saturday, 24 January 2026, 14:00 | Guided tour in Greek Sign Language<\/p>\n<p>Saturdays, 24 &amp; 31 January 2026, 12:00 | Adult Guided Tour (in Greek)<\/p>\n<p><strong><u>Note<\/u><\/strong><u>:<\/u>\u00a0These guided tours are currently conducted\u00a0<strong>in Greek<\/strong>\u00a0on the scheduled dates, but they can be arranged\u00a0<strong>in English upon request<\/strong>. Contact us for more details at visit@mariacallasmuseum.gr or call +30 210 44 04 204 (Monday\u2013Friday, 11:00\u201318:00).<\/p>\n<hr \/>\n<\/div>\n<\/div>\n<\/div>\n<\/div>\n<\/div>\n<\/div>\n<\/div>\n<\/div>\n<\/div>\n<\/div>\n<\/div>\n<\/div>\n<div id=\"mcallas-info-banner\">\n<p><strong>Opening hours:<\/strong> Tuesday \u2013 Sunday 10:00 \u2013 18:00, Friday 10:00 \u2013 20:00<\/p>\n<\/div>\n<div class=\"eltdf-wrapper\"><\/div>\n<\/article>\n<\/div>\n<\/div>","protected":false},"excerpt":{"rendered":"<p>The European Museum Forum is happy to announce the winners of the European Museum of the Year Awards for 2025. The winners in different categories under the EMYA scheme were presented on the last day of the EMYA2025 Annual Conference and Awards Ceremony that was held on 21-25 May 2025 in Bia\u0142ystok. Organised by the [&hellip;]<\/p>\n","protected":false},"author":9,"featured_media":36951,"comment_status":"closed","ping_status":"open","sticky":false,"template":"","format":"standard","meta":{"inline_featured_image":false,"footnotes":""},"categories":[288],"tags":[],"class_list":["post-36948","post","type-post","status-publish","format-standard","has-post-thumbnail","hentry","category-tourism"],"yoast_head":"<!-- This site is optimized with the Yoast SEO plugin v27.0 - https:\/\/yoast.com\/product\/yoast-seo-wordpress\/ -->\n<title>Tip of the day - European Museum of the Year Awards 2025 &amp; Maria Callas Museum in Athens - Cloudkeys<\/title>\n<meta name=\"description\" content=\"Explore the winners of the European Museum Awards, including Athens\u2019 own Maria Callas Museum\u2014honored for celebrating the life and legacy of the iconic soprano in a unique and inspiring way.\" \/>\n<meta name=\"robots\" content=\"noindex, follow, max-snippet:-1, max-image-preview:large, max-video-preview:-1\" \/>\n<meta property=\"og:locale\" content=\"en_US\" \/>\n<meta property=\"og:type\" content=\"article\" \/>\n<meta property=\"og:title\" content=\"Tip of the day - European Museum of the Year Awards 2025 &amp; Maria Callas Museum in Athens - Cloudkeys\" \/>\n<meta property=\"og:description\" content=\"Explore the winners of the European Museum Awards, including Athens\u2019 own Maria Callas Museum\u2014honored for celebrating the life and legacy of the iconic soprano in a unique and inspiring way.\" \/>\n<meta property=\"og:url\" content=\"https:\/\/staging.thecloudkeys.com\/en\/tip-of-the-day-european-museum-of-the-year-awards-2025-maria-callas-museum-in-athens\/\" \/>\n<meta property=\"og:site_name\" content=\"Cloudkeys\" \/>\n<meta property=\"article:publisher\" content=\"https:\/\/facebook.com\/thecloudkeys\/\" \/>\n<meta property=\"article:published_time\" content=\"2025-05-28T07:34:20+00:00\" \/>\n<meta property=\"article:modified_time\" content=\"2026-01-12T11:46:47+00:00\" \/>\n<meta property=\"og:image\" content=\"https:\/\/staging.thecloudkeys.com\/wp-content\/uploads\/2025\/05\/1.mcm10_norma_internal-photo-of-the-room-norma-2nd-floor_vangelis-patsialos_maria-callas-museum-1.jpg\" \/>\n\t<meta property=\"og:image:width\" content=\"1000\" \/>\n\t<meta property=\"og:image:height\" content=\"666\" \/>\n\t<meta property=\"og:image:type\" content=\"image\/jpeg\" \/>\n<meta name=\"author\" content=\"matina\" \/>\n<meta name=\"twitter:card\" content=\"summary_large_image\" \/>\n<meta name=\"twitter:creator\" content=\"@TheCloudKeys\" \/>\n<meta name=\"twitter:site\" content=\"@TheCloudKeys\" \/>\n<meta name=\"twitter:label1\" content=\"Written by\" \/>\n\t<meta name=\"twitter:data1\" content=\"matina\" \/>\n\t<meta name=\"twitter:label2\" content=\"Est. reading time\" \/>\n\t<meta name=\"twitter:data2\" content=\"4 minutes\" \/>\n<script type=\"application\/ld+json\" class=\"yoast-schema-graph\">{\"@context\":\"https:\/\/schema.org\",\"@graph\":[{\"@type\":\"Article\",\"@id\":\"https:\/\/staging.thecloudkeys.com\/en\/tip-of-the-day-european-museum-of-the-year-awards-2025-maria-callas-museum-in-athens\/#article\",\"isPartOf\":{\"@id\":\"https:\/\/staging.thecloudkeys.com\/en\/tip-of-the-day-european-museum-of-the-year-awards-2025-maria-callas-museum-in-athens\/\"},\"author\":{\"name\":\"matina\",\"@id\":\"https:\/\/staging.thecloudkeys.com\/en\/#\/schema\/person\/0ccf85903cabebb72b42274c0350ca50\"},\"headline\":\"Tip of the day &#8211; European Museum of the Year Awards 2025 &#038; Maria Callas Museum in Athens\",\"datePublished\":\"2025-05-28T07:34:20+00:00\",\"dateModified\":\"2026-01-12T11:46:47+00:00\",\"mainEntityOfPage\":{\"@id\":\"https:\/\/staging.thecloudkeys.com\/en\/tip-of-the-day-european-museum-of-the-year-awards-2025-maria-callas-museum-in-athens\/\"},\"wordCount\":742,\"publisher\":{\"@id\":\"https:\/\/staging.thecloudkeys.com\/en\/#organization\"},\"image\":{\"@id\":\"https:\/\/staging.thecloudkeys.com\/en\/tip-of-the-day-european-museum-of-the-year-awards-2025-maria-callas-museum-in-athens\/#primaryimage\"},\"thumbnailUrl\":\"https:\/\/staging.thecloudkeys.com\/wp-content\/uploads\/2025\/05\/1.mcm10_norma_internal-photo-of-the-room-norma-2nd-floor_vangelis-patsialos_maria-callas-museum-1.jpg\",\"articleSection\":[\"Tourism and Travel Market\"],\"inLanguage\":\"en-US\"},{\"@type\":\"WebPage\",\"@id\":\"https:\/\/staging.thecloudkeys.com\/en\/tip-of-the-day-european-museum-of-the-year-awards-2025-maria-callas-museum-in-athens\/\",\"url\":\"https:\/\/staging.thecloudkeys.com\/en\/tip-of-the-day-european-museum-of-the-year-awards-2025-maria-callas-museum-in-athens\/\",\"name\":\"Tip of the day - European Museum of the Year Awards 2025 & Maria Callas Museum in Athens - Cloudkeys\",\"isPartOf\":{\"@id\":\"https:\/\/staging.thecloudkeys.com\/en\/#website\"},\"primaryImageOfPage\":{\"@id\":\"https:\/\/staging.thecloudkeys.com\/en\/tip-of-the-day-european-museum-of-the-year-awards-2025-maria-callas-museum-in-athens\/#primaryimage\"},\"image\":{\"@id\":\"https:\/\/staging.thecloudkeys.com\/en\/tip-of-the-day-european-museum-of-the-year-awards-2025-maria-callas-museum-in-athens\/#primaryimage\"},\"thumbnailUrl\":\"https:\/\/staging.thecloudkeys.com\/wp-content\/uploads\/2025\/05\/1.mcm10_norma_internal-photo-of-the-room-norma-2nd-floor_vangelis-patsialos_maria-callas-museum-1.jpg\",\"datePublished\":\"2025-05-28T07:34:20+00:00\",\"dateModified\":\"2026-01-12T11:46:47+00:00\",\"description\":\"Explore the winners of the European Museum Awards, including Athens\u2019 own Maria Callas Museum\u2014honored for celebrating the life and legacy of the iconic soprano in a unique and inspiring way.\",\"breadcrumb\":{\"@id\":\"https:\/\/staging.thecloudkeys.com\/en\/tip-of-the-day-european-museum-of-the-year-awards-2025-maria-callas-museum-in-athens\/#breadcrumb\"},\"inLanguage\":\"en-US\",\"potentialAction\":[{\"@type\":\"ReadAction\",\"target\":[\"https:\/\/staging.thecloudkeys.com\/en\/tip-of-the-day-european-museum-of-the-year-awards-2025-maria-callas-museum-in-athens\/\"]}]},{\"@type\":\"ImageObject\",\"inLanguage\":\"en-US\",\"@id\":\"https:\/\/staging.thecloudkeys.com\/en\/tip-of-the-day-european-museum-of-the-year-awards-2025-maria-callas-museum-in-athens\/#primaryimage\",\"url\":\"https:\/\/staging.thecloudkeys.com\/wp-content\/uploads\/2025\/05\/1.mcm10_norma_internal-photo-of-the-room-norma-2nd-floor_vangelis-patsialos_maria-callas-museum-1.jpg\",\"contentUrl\":\"https:\/\/staging.thecloudkeys.com\/wp-content\/uploads\/2025\/05\/1.mcm10_norma_internal-photo-of-the-room-norma-2nd-floor_vangelis-patsialos_maria-callas-museum-1.jpg\",\"width\":1000,\"height\":666,\"caption\":\"Maria Callas Museum\"},{\"@type\":\"BreadcrumbList\",\"@id\":\"https:\/\/staging.thecloudkeys.com\/en\/tip-of-the-day-european-museum-of-the-year-awards-2025-maria-callas-museum-in-athens\/#breadcrumb\",\"itemListElement\":[{\"@type\":\"ListItem\",\"position\":1,\"name\":\"Home\",\"item\":\"https:\/\/staging.thecloudkeys.com\/en\/\"},{\"@type\":\"ListItem\",\"position\":2,\"name\":\"Tip of the day &#8211; European Museum of the Year Awards 2025 &#038; Maria Callas Museum in Athens\"}]},{\"@type\":\"WebSite\",\"@id\":\"https:\/\/staging.thecloudkeys.com\/en\/#website\",\"url\":\"https:\/\/staging.thecloudkeys.com\/en\/\",\"name\":\"Cloudkeys\",\"description\":\"\u0394\u03b9\u03b1\u03c7\u03b5\u03af\u03c1\u03b9\u03c3\u03b7 \u03b4\u03b9\u03b1\u03bc\u03b5\u03c1\u03b9\u03c3\u03bc\u03ac\u03c4\u03c9\u03bd, \u03ba\u03b1\u03c4\u03b1\u03bb\u03c5\u03bc\u03ac\u03c4\u03c9\u03bd, \u03b5\u03cd\u03ba\u03bf\u03bb\u03b1, \u03c3\u03af\u03b3\u03bf\u03c5\u03c1\u03b1, \u03b3\u03b9\u03b1 \u03c3\u03b1\u03c2!\",\"publisher\":{\"@id\":\"https:\/\/staging.thecloudkeys.com\/en\/#organization\"},\"potentialAction\":[{\"@type\":\"SearchAction\",\"target\":{\"@type\":\"EntryPoint\",\"urlTemplate\":\"https:\/\/staging.thecloudkeys.com\/en\/?s={search_term_string}\"},\"query-input\":{\"@type\":\"PropertyValueSpecification\",\"valueRequired\":true,\"valueName\":\"search_term_string\"}}],\"inLanguage\":\"en-US\"},{\"@type\":\"Organization\",\"@id\":\"https:\/\/staging.thecloudkeys.com\/en\/#organization\",\"name\":\"CloudKeys\",\"url\":\"https:\/\/staging.thecloudkeys.com\/en\/\",\"logo\":{\"@type\":\"ImageObject\",\"inLanguage\":\"en-US\",\"@id\":\"https:\/\/staging.thecloudkeys.com\/en\/#\/schema\/logo\/image\/\",\"url\":\"https:\/\/staging.thecloudkeys.com\/wp-content\/uploads\/2016\/04\/cloudkey_letter-e1652893386734.png\",\"contentUrl\":\"https:\/\/staging.thecloudkeys.com\/wp-content\/uploads\/2016\/04\/cloudkey_letter-e1652893386734.png\",\"width\":291,\"height\":80,\"caption\":\"CloudKeys\"},\"image\":{\"@id\":\"https:\/\/staging.thecloudkeys.com\/en\/#\/schema\/logo\/image\/\"},\"sameAs\":[\"https:\/\/facebook.com\/thecloudkeys\/\",\"https:\/\/x.com\/TheCloudKeys\"]},{\"@type\":\"Person\",\"@id\":\"https:\/\/staging.thecloudkeys.com\/en\/#\/schema\/person\/0ccf85903cabebb72b42274c0350ca50\",\"name\":\"matina\",\"image\":{\"@type\":\"ImageObject\",\"inLanguage\":\"en-US\",\"@id\":\"https:\/\/staging.thecloudkeys.com\/en\/#\/schema\/person\/image\/\",\"url\":\"https:\/\/secure.gravatar.com\/avatar\/3b9255d77b0c6b9333bb092ddcd76f93c062d556eafeae79c870e1507cedad0a?s=96&d=mm&r=g\",\"contentUrl\":\"https:\/\/secure.gravatar.com\/avatar\/3b9255d77b0c6b9333bb092ddcd76f93c062d556eafeae79c870e1507cedad0a?s=96&d=mm&r=g\",\"caption\":\"matina\"}}]}<\/script>\n<!-- \/ Yoast SEO plugin. -->","yoast_head_json":{"title":"Tip of the day - European Museum of the Year Awards 2025 & Maria Callas Museum in Athens - Cloudkeys","description":"Explore the winners of the European Museum Awards, including Athens\u2019 own Maria Callas Museum\u2014honored for celebrating the life and legacy of the iconic soprano in a unique and inspiring way.","robots":{"index":"noindex","follow":"follow","max-snippet":"max-snippet:-1","max-image-preview":"max-image-preview:large","max-video-preview":"max-video-preview:-1"},"og_locale":"en_US","og_type":"article","og_title":"Tip of the day - European Museum of the Year Awards 2025 & Maria Callas Museum in Athens - Cloudkeys","og_description":"Explore the winners of the European Museum Awards, including Athens\u2019 own Maria Callas Museum\u2014honored for celebrating the life and legacy of the iconic soprano in a unique and inspiring way.","og_url":"https:\/\/staging.thecloudkeys.com\/en\/tip-of-the-day-european-museum-of-the-year-awards-2025-maria-callas-museum-in-athens\/","og_site_name":"Cloudkeys","article_publisher":"https:\/\/facebook.com\/thecloudkeys\/","article_published_time":"2025-05-28T07:34:20+00:00","article_modified_time":"2026-01-12T11:46:47+00:00","og_image":[{"width":1000,"height":666,"url":"https:\/\/staging.thecloudkeys.com\/wp-content\/uploads\/2025\/05\/1.mcm10_norma_internal-photo-of-the-room-norma-2nd-floor_vangelis-patsialos_maria-callas-museum-1.jpg","type":"image\/jpeg"}],"author":"matina","twitter_card":"summary_large_image","twitter_creator":"@TheCloudKeys","twitter_site":"@TheCloudKeys","twitter_misc":{"Written by":"matina","Est. reading time":"4 minutes"},"schema":{"@context":"https:\/\/schema.org","@graph":[{"@type":"Article","@id":"https:\/\/staging.thecloudkeys.com\/en\/tip-of-the-day-european-museum-of-the-year-awards-2025-maria-callas-museum-in-athens\/#article","isPartOf":{"@id":"https:\/\/staging.thecloudkeys.com\/en\/tip-of-the-day-european-museum-of-the-year-awards-2025-maria-callas-museum-in-athens\/"},"author":{"name":"matina","@id":"https:\/\/staging.thecloudkeys.com\/en\/#\/schema\/person\/0ccf85903cabebb72b42274c0350ca50"},"headline":"Tip of the day &#8211; European Museum of the Year Awards 2025 &#038; Maria Callas Museum in Athens","datePublished":"2025-05-28T07:34:20+00:00","dateModified":"2026-01-12T11:46:47+00:00","mainEntityOfPage":{"@id":"https:\/\/staging.thecloudkeys.com\/en\/tip-of-the-day-european-museum-of-the-year-awards-2025-maria-callas-museum-in-athens\/"},"wordCount":742,"publisher":{"@id":"https:\/\/staging.thecloudkeys.com\/en\/#organization"},"image":{"@id":"https:\/\/staging.thecloudkeys.com\/en\/tip-of-the-day-european-museum-of-the-year-awards-2025-maria-callas-museum-in-athens\/#primaryimage"},"thumbnailUrl":"https:\/\/staging.thecloudkeys.com\/wp-content\/uploads\/2025\/05\/1.mcm10_norma_internal-photo-of-the-room-norma-2nd-floor_vangelis-patsialos_maria-callas-museum-1.jpg","articleSection":["Tourism and Travel Market"],"inLanguage":"en-US"},{"@type":"WebPage","@id":"https:\/\/staging.thecloudkeys.com\/en\/tip-of-the-day-european-museum-of-the-year-awards-2025-maria-callas-museum-in-athens\/","url":"https:\/\/staging.thecloudkeys.com\/en\/tip-of-the-day-european-museum-of-the-year-awards-2025-maria-callas-museum-in-athens\/","name":"Tip of the day - European Museum of the Year Awards 2025 & Maria Callas Museum in Athens - Cloudkeys","isPartOf":{"@id":"https:\/\/staging.thecloudkeys.com\/en\/#website"},"primaryImageOfPage":{"@id":"https:\/\/staging.thecloudkeys.com\/en\/tip-of-the-day-european-museum-of-the-year-awards-2025-maria-callas-museum-in-athens\/#primaryimage"},"image":{"@id":"https:\/\/staging.thecloudkeys.com\/en\/tip-of-the-day-european-museum-of-the-year-awards-2025-maria-callas-museum-in-athens\/#primaryimage"},"thumbnailUrl":"https:\/\/staging.thecloudkeys.com\/wp-content\/uploads\/2025\/05\/1.mcm10_norma_internal-photo-of-the-room-norma-2nd-floor_vangelis-patsialos_maria-callas-museum-1.jpg","datePublished":"2025-05-28T07:34:20+00:00","dateModified":"2026-01-12T11:46:47+00:00","description":"Explore the winners of the European Museum Awards, including Athens\u2019 own Maria Callas Museum\u2014honored for celebrating the life and legacy of the iconic soprano in a unique and inspiring way.","breadcrumb":{"@id":"https:\/\/staging.thecloudkeys.com\/en\/tip-of-the-day-european-museum-of-the-year-awards-2025-maria-callas-museum-in-athens\/#breadcrumb"},"inLanguage":"en-US","potentialAction":[{"@type":"ReadAction","target":["https:\/\/staging.thecloudkeys.com\/en\/tip-of-the-day-european-museum-of-the-year-awards-2025-maria-callas-museum-in-athens\/"]}]},{"@type":"ImageObject","inLanguage":"en-US","@id":"https:\/\/staging.thecloudkeys.com\/en\/tip-of-the-day-european-museum-of-the-year-awards-2025-maria-callas-museum-in-athens\/#primaryimage","url":"https:\/\/staging.thecloudkeys.com\/wp-content\/uploads\/2025\/05\/1.mcm10_norma_internal-photo-of-the-room-norma-2nd-floor_vangelis-patsialos_maria-callas-museum-1.jpg","contentUrl":"https:\/\/staging.thecloudkeys.com\/wp-content\/uploads\/2025\/05\/1.mcm10_norma_internal-photo-of-the-room-norma-2nd-floor_vangelis-patsialos_maria-callas-museum-1.jpg","width":1000,"height":666,"caption":"Maria Callas Museum"},{"@type":"BreadcrumbList","@id":"https:\/\/staging.thecloudkeys.com\/en\/tip-of-the-day-european-museum-of-the-year-awards-2025-maria-callas-museum-in-athens\/#breadcrumb","itemListElement":[{"@type":"ListItem","position":1,"name":"Home","item":"https:\/\/staging.thecloudkeys.com\/en\/"},{"@type":"ListItem","position":2,"name":"Tip of the day &#8211; European Museum of the Year Awards 2025 &#038; Maria Callas Museum in Athens"}]},{"@type":"WebSite","@id":"https:\/\/staging.thecloudkeys.com\/en\/#website","url":"https:\/\/staging.thecloudkeys.com\/en\/","name":"Cloudkeys","description":"\u0394\u03b9\u03b1\u03c7\u03b5\u03af\u03c1\u03b9\u03c3\u03b7 \u03b4\u03b9\u03b1\u03bc\u03b5\u03c1\u03b9\u03c3\u03bc\u03ac\u03c4\u03c9\u03bd, \u03ba\u03b1\u03c4\u03b1\u03bb\u03c5\u03bc\u03ac\u03c4\u03c9\u03bd, \u03b5\u03cd\u03ba\u03bf\u03bb\u03b1, \u03c3\u03af\u03b3\u03bf\u03c5\u03c1\u03b1, \u03b3\u03b9\u03b1 \u03c3\u03b1\u03c2!","publisher":{"@id":"https:\/\/staging.thecloudkeys.com\/en\/#organization"},"potentialAction":[{"@type":"SearchAction","target":{"@type":"EntryPoint","urlTemplate":"https:\/\/staging.thecloudkeys.com\/en\/?s={search_term_string}"},"query-input":{"@type":"PropertyValueSpecification","valueRequired":true,"valueName":"search_term_string"}}],"inLanguage":"en-US"},{"@type":"Organization","@id":"https:\/\/staging.thecloudkeys.com\/en\/#organization","name":"CloudKeys","url":"https:\/\/staging.thecloudkeys.com\/en\/","logo":{"@type":"ImageObject","inLanguage":"en-US","@id":"https:\/\/staging.thecloudkeys.com\/en\/#\/schema\/logo\/image\/","url":"https:\/\/staging.thecloudkeys.com\/wp-content\/uploads\/2016\/04\/cloudkey_letter-e1652893386734.png","contentUrl":"https:\/\/staging.thecloudkeys.com\/wp-content\/uploads\/2016\/04\/cloudkey_letter-e1652893386734.png","width":291,"height":80,"caption":"CloudKeys"},"image":{"@id":"https:\/\/staging.thecloudkeys.com\/en\/#\/schema\/logo\/image\/"},"sameAs":["https:\/\/facebook.com\/thecloudkeys\/","https:\/\/x.com\/TheCloudKeys"]},{"@type":"Person","@id":"https:\/\/staging.thecloudkeys.com\/en\/#\/schema\/person\/0ccf85903cabebb72b42274c0350ca50","name":"matina","image":{"@type":"ImageObject","inLanguage":"en-US","@id":"https:\/\/staging.thecloudkeys.com\/en\/#\/schema\/person\/image\/","url":"https:\/\/secure.gravatar.com\/avatar\/3b9255d77b0c6b9333bb092ddcd76f93c062d556eafeae79c870e1507cedad0a?s=96&d=mm&r=g","contentUrl":"https:\/\/secure.gravatar.com\/avatar\/3b9255d77b0c6b9333bb092ddcd76f93c062d556eafeae79c870e1507cedad0a?s=96&d=mm&r=g","caption":"matina"}}]}},"_links":{"self":[{"href":"https:\/\/staging.thecloudkeys.com\/en\/wp-json\/wp\/v2\/posts\/36948","targetHints":{"allow":["GET"]}}],"collection":[{"href":"https:\/\/staging.thecloudkeys.com\/en\/wp-json\/wp\/v2\/posts"}],"about":[{"href":"https:\/\/staging.thecloudkeys.com\/en\/wp-json\/wp\/v2\/types\/post"}],"author":[{"embeddable":true,"href":"https:\/\/staging.thecloudkeys.com\/en\/wp-json\/wp\/v2\/users\/9"}],"replies":[{"embeddable":true,"href":"https:\/\/staging.thecloudkeys.com\/en\/wp-json\/wp\/v2\/comments?post=36948"}],"version-history":[{"count":0,"href":"https:\/\/staging.thecloudkeys.com\/en\/wp-json\/wp\/v2\/posts\/36948\/revisions"}],"wp:featuredmedia":[{"embeddable":true,"href":"https:\/\/staging.thecloudkeys.com\/en\/wp-json\/wp\/v2\/media\/36951"}],"wp:attachment":[{"href":"https:\/\/staging.thecloudkeys.com\/en\/wp-json\/wp\/v2\/media?parent=36948"}],"wp:term":[{"taxonomy":"category","embeddable":true,"href":"https:\/\/staging.thecloudkeys.com\/en\/wp-json\/wp\/v2\/categories?post=36948"},{"taxonomy":"post_tag","embeddable":true,"href":"https:\/\/staging.thecloudkeys.com\/en\/wp-json\/wp\/v2\/tags?post=36948"}],"curies":[{"name":"wp","href":"https:\/\/api.w.org\/{rel}","templated":true}]}}